{"id":347,"date":"2020-08-30T18:07:02","date_gmt":"2020-08-30T16:07:02","guid":{"rendered":"http:\/\/smartinfo.pl\/?p=347"},"modified":"2020-08-30T18:20:44","modified_gmt":"2020-08-30T16:20:44","slug":"dzien-otwarty-juz-5-wrzesnia","status":"publish","type":"post","link":"https:\/\/smartinfo.pl\/index.php\/2020\/08\/30\/dzien-otwarty-juz-5-wrzesnia\/","title":{"rendered":"Dzie\u0144 otwarty ju\u017c 5 wrze\u015bnia!"},"content":{"rendered":"\n<p>Zapraszamy wszystkie dzieci w wieku 2-8 lat (2 klasa szko\u0142y podstawowej) na bezp\u0142atne lekcje pokazowe, kt\u00f3re odb\u0119d\u0105 si\u0119 ju\u017c 5 wrze\u015bnia w naszej szkole j\u0119zykowej. Dzieci powy\u017cej lat 9, m\u0142odzie\u017c oraz doros\u0142ych zapraszamy natomiast, aby um\u00f3wi\u0107 si\u0119 na przyjazne testy sprawdzaj\u0105ce poziom. Mamy ograniczon\u0105 liczb\u0119 miejsc dla nowych uczni\u00f3w, zatem pospieszcie si\u0119 i zapiszcie si\u0119 ju\u017c dzi\u015b. Wype\u0142nijcie formularz <strong><a href=\"http:\/\/smartinfo.pl\/index.php\/contact\/\">Zapisz si\u0119!<\/a><\/strong> Skontaktujemy si\u0119 z Wami i podamy dok\u0142adn\u0105 godzin\u0119 rozpocz\u0119cia lekcji pokazowej lub testu poziomuj\u0105cego.<\/p>\n\n\n\n<p>See You soon!<\/p>\n\n\n\n<figure class=\"wp-block-image size-large\"><img loading=\"lazy\" decoding=\"async\" width=\"1024\" height=\"390\" src=\"http:\/\/smartinfo.pl\/wp-content\/uploads\/2020\/08\/dzien-1024x390.png\" alt=\"\" class=\"wp-image-351\" srcset=\"https:\/\/smartinfo.pl\/wp-content\/uploads\/2020\/08\/dzien-1024x390.png 1024w, https:\/\/smartinfo.pl\/wp-content\/uploads\/2020\/08\/dzien-300x114.png 300w, https:\/\/smartinfo.pl\/wp-content\/uploads\/2020\/08\/dzien-768x292.png 768w, https:\/\/smartinfo.pl\/wp-content\/uploads\/2020\/08\/dzien-1536x584.png 1536w, https:\/\/smartinfo.pl\/wp-content\/uploads\/2020\/08\/dzien-210x80.png 210w, https:\/\/smartinfo.pl\/wp-content\/uploads\/2020\/08\/dzien-1960x746.png 1960w\" sizes=\"auto, (max-width: 980px) 100vw, 980px\" \/><\/figure>\n","protected":false},"excerpt":{"rendered":"<p>Zapraszamy wszystkie dzieci w wieku 2-8 lat (2 klasa szko\u0142y podstawowej) na bezp\u0142atne lekcje pokazowe, kt\u00f3re odb\u0119d\u0105 si\u0119 ju\u017c 5 wrze\u015bnia w naszej szkole j\u0119zykowej. Dzieci powy\u017cej lat 9, m\u0142odzie\u017c [&hellip;]<\/p>\n","protected":false},"author":1,"featured_media":0,"comment_status":"open","ping_status":"open","sticky":false,"template":"","format":"standard","meta":{"footnotes":""},"categories":[1],"tags":[],"class_list":["post-347","post","type-post","status-publish","format-standard","hentry","category-non-classe"],"_links":{"self":[{"href":"https:\/\/smartinfo.pl\/index.php\/wp-json\/wp\/v2\/posts\/347","targetHints":{"allow":["GET"]}}],"collection":[{"href":"https:\/\/smartinfo.pl\/index.php\/wp-json\/wp\/v2\/posts"}],"about":[{"href":"https:\/\/smartinfo.pl\/index.php\/wp-json\/wp\/v2\/types\/post"}],"author":[{"embeddable":true,"href":"https:\/\/smartinfo.pl\/index.php\/wp-json\/wp\/v2\/users\/1"}],"replies":[{"embeddable":true,"href":"https:\/\/smartinfo.pl\/index.php\/wp-json\/wp\/v2\/comments?post=347"}],"version-history":[{"count":3,"href":"https:\/\/smartinfo.pl\/index.php\/wp-json\/wp\/v2\/posts\/347\/revisions"}],"predecessor-version":[{"id":352,"href":"https:\/\/smartinfo.pl\/index.php\/wp-json\/wp\/v2\/posts\/347\/revisions\/352"}],"wp:attachment":[{"href":"https:\/\/smartinfo.pl\/index.php\/wp-json\/wp\/v2\/media?parent=347"}],"wp:term":[{"taxonomy":"category","embeddable":true,"href":"https:\/\/smartinfo.pl\/index.php\/wp-json\/wp\/v2\/categories?post=347"},{"taxonomy":"post_tag","embeddable":true,"href":"https:\/\/smartinfo.pl\/index.php\/wp-json\/wp\/v2\/tags?post=347"}],"curies":[{"name":"wp","href":"https:\/\/api.w.org\/{rel}","templated":true}]}}