{"id":170,"date":"2020-08-12T23:31:42","date_gmt":"2020-08-12T21:31:42","guid":{"rendered":"http:\/\/smartinfo.pl\/?p=170"},"modified":"2020-08-30T18:47:41","modified_gmt":"2020-08-30T16:47:41","slug":"zapisy-na-rok-2020-2021-ruszyly","status":"publish","type":"post","link":"https:\/\/smartinfo.pl\/index.php\/2020\/08\/12\/zapisy-na-rok-2020-2021-ruszyly\/","title":{"rendered":"Zapisy na rok 2020\/2021 ruszy\u0142y!"},"content":{"rendered":"\n<p>SMART Centrum J\u0119zykowe dla Dzieci, M\u0142odzie\u017cy i Doros\u0142ych istnieje na mapie \u017bukowa od 2009 roku. Wcze\u015bniej nazywali\u015bmy si\u0119 Akademi\u0105 \u017buczka, jednak \u017buczki uros\u0142y, rozwin\u0119\u0142y skrzyd\u0142a i postanowi\u0142y lata\u0107! <\/p>\n\n\n\n<p>W chwili obecnej w naszej ofercie znajdziecie Pa\u0144stwo kursy j\u0119zyka angielskiego i francuskiego dla ka\u017cdej grupy wiekowej, zaj\u0119cia grupowe oraz indywidualne, wyj\u0105tkowe tematyczne urodzinki, kursy pami\u0119ci i koncentracji uwagi oraz zaj\u0119cia z terapii r\u0119ki. Przygotujemy Was do egzamin\u00f3w \u00f3smoklasisty, matury oraz egzamin\u00f3w Cambridge! <\/p>\n\n\n\n<p>Stawiamy na naturaln\u0105 metod\u0119 nauczania j\u0119zyka, m\u00f3wienie bez barier i zanurzenie po same uszy w j\u0119zyku. Zapewniamy lekcje prowadzone z u\u015bmiechem, du\u017c\u0105 dawk\u0105 pozytywnej energii, stymuluj\u0105ce wszystkie zmys\u0142y tak, aby nauka by\u0142a nieustaj\u0105c\u0105 przygod\u0105. <\/p>\n\n\n\n<p>Do\u0142\u0105cz do naszej weso\u0142ej spo\u0142eczno\u015bci!<\/p>\n\n\n\n<figure class=\"wp-block-image size-large\"><img loading=\"lazy\" decoding=\"async\" width=\"1024\" height=\"390\" src=\"http:\/\/smartinfo.pl\/wp-content\/uploads\/2020\/08\/1-6-1024x390.png\" alt=\"\" class=\"wp-image-365\" srcset=\"https:\/\/smartinfo.pl\/wp-content\/uploads\/2020\/08\/1-6-1024x390.png 1024w, https:\/\/smartinfo.pl\/wp-content\/uploads\/2020\/08\/1-6-300x114.png 300w, https:\/\/smartinfo.pl\/wp-content\/uploads\/2020\/08\/1-6-768x292.png 768w, https:\/\/smartinfo.pl\/wp-content\/uploads\/2020\/08\/1-6-1536x584.png 1536w, https:\/\/smartinfo.pl\/wp-content\/uploads\/2020\/08\/1-6-210x80.png 210w, https:\/\/smartinfo.pl\/wp-content\/uploads\/2020\/08\/1-6-1960x746.png 1960w\" sizes=\"auto, (max-width: 980px) 100vw, 980px\" \/><\/figure>\n","protected":false},"excerpt":{"rendered":"<p>SMART Centrum J\u0119zykowe dla Dzieci, M\u0142odzie\u017cy i Doros\u0142ych istnieje na mapie \u017bukowa od 2009 roku. Wcze\u015bniej nazywali\u015bmy si\u0119 Akademi\u0105 \u017buczka, jednak \u017buczki uros\u0142y, rozwin\u0119\u0142y skrzyd\u0142a i postanowi\u0142y lata\u0107! W chwili [&hellip;]<\/p>\n","protected":false},"author":2,"featured_media":0,"comment_status":"open","ping_status":"open","sticky":false,"template":"","format":"standard","meta":{"footnotes":""},"categories":[1],"tags":[],"class_list":["post-170","post","type-post","status-publish","format-standard","hentry","category-non-classe"],"_links":{"self":[{"href":"https:\/\/smartinfo.pl\/index.php\/wp-json\/wp\/v2\/posts\/170","targetHints":{"allow":["GET"]}}],"collection":[{"href":"https:\/\/smartinfo.pl\/index.php\/wp-json\/wp\/v2\/posts"}],"about":[{"href":"https:\/\/smartinfo.pl\/index.php\/wp-json\/wp\/v2\/types\/post"}],"author":[{"embeddable":true,"href":"https:\/\/smartinfo.pl\/index.php\/wp-json\/wp\/v2\/users\/2"}],"replies":[{"embeddable":true,"href":"https:\/\/smartinfo.pl\/index.php\/wp-json\/wp\/v2\/comments?post=170"}],"version-history":[{"count":4,"href":"https:\/\/smartinfo.pl\/index.php\/wp-json\/wp\/v2\/posts\/170\/revisions"}],"predecessor-version":[{"id":366,"href":"https:\/\/smartinfo.pl\/index.php\/wp-json\/wp\/v2\/posts\/170\/revisions\/366"}],"wp:attachment":[{"href":"https:\/\/smartinfo.pl\/index.php\/wp-json\/wp\/v2\/media?parent=170"}],"wp:term":[{"taxonomy":"category","embeddable":true,"href":"https:\/\/smartinfo.pl\/index.php\/wp-json\/wp\/v2\/categories?post=170"},{"taxonomy":"post_tag","embeddable":true,"href":"https:\/\/smartinfo.pl\/index.php\/wp-json\/wp\/v2\/tags?post=170"}],"curies":[{"name":"wp","href":"https:\/\/api.w.org\/{rel}","templated":true}]}}